{"id":10657,"date":"2026-09-03T16:18:55","date_gmt":"2026-09-03T16:18:55","guid":{"rendered":"https:\/\/portal.aepjm.pt\/?p=10657"},"modified":"2026-09-03T16:18:56","modified_gmt":"2026-09-03T16:18:56","slug":"contratacao-de-escola-26-27","status":"publish","type":"post","link":"https:\/\/portal.aepjm.pt\/?p=10657","title":{"rendered":"Contrata\u00e7\u00e3o de Escola 26\/27"},"content":{"rendered":"\n<p><strong>Listas ordenadas dos candidatos aos hor\u00e1rios de contrata\u00e7\u00e3o de escola<\/strong><\/p>\n\n\n\n<figure class=\"wp-block-image size-large is-resized\"><img loading=\"lazy\" decoding=\"async\" width=\"1024\" height=\"683\" src=\"https:\/\/portal.aepjm.pt\/wp-content\/uploads\/2026\/09\/Contratacao-da-escola-1024x683.png\" alt=\"\" class=\"wp-image-10664\" style=\"aspect-ratio:1.4992888417882142;width:458px;height:auto\" srcset=\"https:\/\/portal.aepjm.pt\/wp-content\/uploads\/2026\/09\/Contratacao-da-escola-1024x683.png 1024w, https:\/\/portal.aepjm.pt\/wp-content\/uploads\/2026\/09\/Contratacao-da-escola-300x200.png 300w, https:\/\/portal.aepjm.pt\/wp-content\/uploads\/2026\/09\/Contratacao-da-escola-768x512.png 768w, https:\/\/portal.aepjm.pt\/wp-content\/uploads\/2026\/09\/Contratacao-da-escola.png 1536w\" sizes=\"auto, (max-width: 1024px) 100vw, 1024px\" \/><\/figure>\n\n\n\n<p><strong>Grupo de recrutamento 300 &#8211; Portugu\u00eas<\/strong><\/p>\n\n\n\n<ul class=\"wp-block-list\">\n<li>Hor\u00e1rio 3 &#8211; <a href=\"https:\/\/portal.aepjm.pt\/wp-content\/uploads\/2026\/09\/Cont.-Escola-Grupo-300-Horario-no3.pdf\" target=\"_blank\" rel=\"noreferrer noopener\">consultar aqui<\/a><\/li>\n\n\n\n<li>Hor\u00e1rio 4 &#8211; <a href=\"https:\/\/portal.aepjm.pt\/wp-content\/uploads\/2026\/09\/Cont.-Escola-Grupo-300-Horario-no4.pdf\" target=\"_blank\" rel=\"noreferrer noopener\">consultar aqui<\/a><\/li>\n<\/ul>\n\n\n\n<p><strong>Grupo de recrutamento &#8211; 510 &#8211; F\u00edsico-qu\u00edmica<\/strong><\/p>\n\n\n\n<ul class=\"wp-block-list\">\n<li>Hor\u00e1rio 2 &#8211; <a href=\"https:\/\/portal.aepjm.pt\/wp-content\/uploads\/2026\/09\/Cont.-Escola-Grupo-510-Horario-no2.pdf\" target=\"_blank\" rel=\"noreferrer noopener\">consultar aqui<\/a><\/li>\n<\/ul>\n\n\n","protected":false},"excerpt":{"rendered":"<p>Listas ordenadas dos candidatos aos hor\u00e1rios de contrata\u00e7\u00e3o de escola Grupo de recrutamento 300 &#8211; Portugu\u00eas Grupo de recrutamento &#8211; 510 &#8211; F\u00edsico-qu\u00edmica<\/p>\n","protected":false},"author":1,"featured_media":0,"comment_status":"closed","ping_status":"open","sticky":false,"template":"","format":"standard","meta":{"_exactmetrics_skip_tracking":false,"_exactmetrics_sitenote_active":false,"_exactmetrics_sitenote_note":"","_exactmetrics_sitenote_category":0,"footnotes":""},"categories":[1],"tags":[],"class_list":["post-10657","post","type-post","status-publish","format-standard","hentry","category-escolas"],"gutentor_comment":0,"_links":{"self":[{"href":"https:\/\/portal.aepjm.pt\/index.php?rest_route=\/wp\/v2\/posts\/10657","targetHints":{"allow":["GET"]}}],"collection":[{"href":"https:\/\/portal.aepjm.pt\/index.php?rest_route=\/wp\/v2\/posts"}],"about":[{"href":"https:\/\/portal.aepjm.pt\/index.php?rest_route=\/wp\/v2\/types\/post"}],"author":[{"embeddable":true,"href":"https:\/\/portal.aepjm.pt\/index.php?rest_route=\/wp\/v2\/users\/1"}],"replies":[{"embeddable":true,"href":"https:\/\/portal.aepjm.pt\/index.php?rest_route=%2Fwp%2Fv2%2Fcomments&post=10657"}],"version-history":[{"count":4,"href":"https:\/\/portal.aepjm.pt\/index.php?rest_route=\/wp\/v2\/posts\/10657\/revisions"}],"predecessor-version":[{"id":10666,"href":"https:\/\/portal.aepjm.pt\/index.php?rest_route=\/wp\/v2\/posts\/10657\/revisions\/10666"}],"wp:attachment":[{"href":"https:\/\/portal.aepjm.pt\/index.php?rest_route=%2Fwp%2Fv2%2Fmedia&parent=10657"}],"wp:term":[{"taxonomy":"category","embeddable":true,"href":"https:\/\/portal.aepjm.pt\/index.php?rest_route=%2Fwp%2Fv2%2Fcategories&post=10657"},{"taxonomy":"post_tag","embeddable":true,"href":"https:\/\/portal.aepjm.pt\/index.php?rest_route=%2Fwp%2Fv2%2Ftags&post=10657"}],"curies":[{"name":"wp","href":"https:\/\/api.w.org\/{rel}","templated":true}]}}