{"id":10274,"date":"2026-03-20T12:03:56","date_gmt":"2026-03-20T12:03:56","guid":{"rendered":"https:\/\/portal.aepjm.pt\/?p=10274"},"modified":"2026-03-20T12:03:58","modified_gmt":"2026-03-20T12:03:58","slug":"contratacao-de-tecnico-especializado-psicomotricista-2025-2026","status":"publish","type":"post","link":"https:\/\/portal.aepjm.pt\/?p=10274","title":{"rendered":"Contrata\u00e7\u00e3o de T\u00c9CNICO ESPECIALIZADO \u2013 Psicomotricista \u2013 2025\/2026"},"content":{"rendered":"\n<div style=\"height:52px\" aria-hidden=\"true\" class=\"wp-block-spacer\"><\/div>\n\n\n\n<h4 class=\"wp-block-heading\"><strong>Contrata\u00e7\u00e3o de T\u00c9CNICO ESPECIALIZADO \u2013 PSICOMOTRICISTA \u2013 2025\/2026<\/strong><\/h4>\n\n\n\n<div style=\"height:27px\" aria-hidden=\"true\" class=\"wp-block-spacer\"><\/div>\n\n\n\n<h5 class=\"wp-block-heading\">Contrata\u00e7\u00e3o de escola com vista ao suprimento de necessidades tempor\u00e1rias de 1 (um)&nbsp;<strong>T\u00e9cnico Especializado, Psicomotricista<\/strong>, para o ano escolar de 2025-2026, no Agrupamento de Escolas Pedro Jacques de Magalh\u00e3es.<\/h5>\n\n\n\n<p><\/p>\n\n\n\n<h6 class=\"wp-block-heading\"><em>(Ao abrigo do Decreto-Lei n.\u00ba 32-A\/2023, de 8 de maio, na reda\u00e7\u00e3o atual, e da Portaria n.\u00ba 233\/2022, de 9 de setembro.)<\/em><\/h6>\n\n\n\n<p>Nos termos dos artigos 39.\u00ba a 41.\u00ba do Decreto-Lei n.\u00ba 32-A\/2023, de 8 de maio, na reda\u00e7\u00e3o atual e da Portaria n.\u00ba 233\/2022, de 9 de setembro e demais legisla\u00e7\u00e3o aplic\u00e1vel, torna-se p\u00fablico que se encontra aberto concurso para contrata\u00e7\u00e3o de um t\u00e9cnico especializado, com contrato resolutivo a termo certo, para o ano escolar 2025\/2026.<\/p>\n\n\n\n<p><mark style=\"background-color:rgba(0, 0, 0, 0)\" class=\"has-inline-color has-sky-blue-color\"><a href=\"https:\/\/portal.aepjm.pt\/wp-content\/uploads\/2026\/01\/Aviso_Concurso_Psicomotricista_25_26.pdf\" target=\"_blank\" rel=\"noreferrer noopener\"><strong>Aviso de Abertura&nbsp;<\/strong>\u2013<\/a><\/mark> Contrata\u00e7\u00e3o de Escola \u2013&nbsp;<strong>T\u00e9cnico Especializado \u2013 Psicomotricista<\/strong><\/p>\n\n\n\n<p>Lista de candidatos exclu\u00eddos &#8211; <a href=\"https:\/\/portal.aepjm.pt\/wp-content\/uploads\/2026\/03\/Lista-Candidatos_excluidos_Concurso-Psicomotricista1.pdf\" target=\"_blank\" rel=\"noreferrer noopener\"><strong>consulte aqui<\/strong><\/a><\/p>\n\n\n\n<p><a href=\"https:\/\/portal.aepjm.pt\/wp-content\/uploads\/2026\/03\/Aviso_Concurso_Psicomotricista.pdf\" target=\"_blank\" rel=\"noreferrer noopener\"><mark style=\"background-color:rgba(0, 0, 0, 0)\" class=\"has-inline-color has-sky-blue-color\"><strong>Aviso de Abertura<\/strong> &#8211;<\/mark><\/a> Contrata\u00e7\u00e3o de Escola &#8211; <strong>T\u00e9cnico Especializado &#8211; Psicomotricista<\/strong> <mark style=\"background-color:#FF6347\" class=\"has-inline-color has-white-color\"><strong>NOVO<\/strong><\/mark><\/p>\n\n\n\n<p>Lista ordenada de candidatos a concurso &#8211; <strong><a href=\"https:\/\/portal.aepjm.pt\/wp-content\/uploads\/2026\/03\/Lista-candidatos-admitidos-1.pdf\" target=\"_blank\" rel=\"noreferrer noopener\">consulte aqui<\/a><\/strong><\/p>\n\n\n\n<p>Lista de candidatos exclu\u00eddos &#8211;<a href=\"https:\/\/portal.aepjm.pt\/wp-content\/uploads\/2026\/03\/Lista-Candidatos_excluidos_Concurso-Psicomotricista-1.pdf\" target=\"_blank\" rel=\"noreferrer noopener\"> <strong>consulte aqui<\/strong><\/a><\/p>\n\n\n\n<p>LISTA FINAL -SELE\u00c7\u00c3O &#8211; <strong><a href=\"https:\/\/portal.aepjm.pt\/wp-content\/uploads\/2026\/03\/Lista-Final.pdf\" target=\"_blank\" rel=\"noreferrer noopener\">consulte aqui<\/a><\/strong><\/p>\n\n\n\n<p><\/p>\n","protected":false},"excerpt":{"rendered":"<p>Contrata\u00e7\u00e3o de T\u00c9CNICO ESPECIALIZADO \u2013 PSICOMOTRICISTA \u2013 2025\/2026 Contrata\u00e7\u00e3o de escola com vista ao suprimento de necessidades tempor\u00e1rias de 1 (um)&nbsp;T\u00e9cnico Especializado, Psicomotricista, para o ano escolar de 2025-2026, no Agrupamento de Escolas Pedro Jacques de Magalh\u00e3es. (Ao abrigo do Decreto-Lei n.\u00ba 32-A\/2023, de 8 de maio, na reda\u00e7\u00e3o atual, e da Portaria n.\u00ba 233\/2022, [&hellip;]<\/p>\n","protected":false},"author":1,"featured_media":10275,"comment_status":"closed","ping_status":"open","sticky":false,"template":"","format":"standard","meta":{"_exactmetrics_skip_tracking":false,"_exactmetrics_sitenote_active":false,"_exactmetrics_sitenote_note":"","_exactmetrics_sitenote_category":0,"footnotes":""},"categories":[43,1,36],"tags":[],"class_list":["post-10274","post","type-post","status-publish","format-standard","has-post-thumbnail","hentry","category-avisos-e-informacoes","category-escolas","category-recentes"],"gutentor_comment":0,"_links":{"self":[{"href":"https:\/\/portal.aepjm.pt\/index.php?rest_route=\/wp\/v2\/posts\/10274","targetHints":{"allow":["GET"]}}],"collection":[{"href":"https:\/\/portal.aepjm.pt\/index.php?rest_route=\/wp\/v2\/posts"}],"about":[{"href":"https:\/\/portal.aepjm.pt\/index.php?rest_route=\/wp\/v2\/types\/post"}],"author":[{"embeddable":true,"href":"https:\/\/portal.aepjm.pt\/index.php?rest_route=\/wp\/v2\/users\/1"}],"replies":[{"embeddable":true,"href":"https:\/\/portal.aepjm.pt\/index.php?rest_route=%2Fwp%2Fv2%2Fcomments&post=10274"}],"version-history":[{"count":9,"href":"https:\/\/portal.aepjm.pt\/index.php?rest_route=\/wp\/v2\/posts\/10274\/revisions"}],"predecessor-version":[{"id":10361,"href":"https:\/\/portal.aepjm.pt\/index.php?rest_route=\/wp\/v2\/posts\/10274\/revisions\/10361"}],"wp:featuredmedia":[{"embeddable":true,"href":"https:\/\/portal.aepjm.pt\/index.php?rest_route=\/wp\/v2\/media\/10275"}],"wp:attachment":[{"href":"https:\/\/portal.aepjm.pt\/index.php?rest_route=%2Fwp%2Fv2%2Fmedia&parent=10274"}],"wp:term":[{"taxonomy":"category","embeddable":true,"href":"https:\/\/portal.aepjm.pt\/index.php?rest_route=%2Fwp%2Fv2%2Fcategories&post=10274"},{"taxonomy":"post_tag","embeddable":true,"href":"https:\/\/portal.aepjm.pt\/index.php?rest_route=%2Fwp%2Fv2%2Ftags&post=10274"}],"curies":[{"name":"wp","href":"https:\/\/api.w.org\/{rel}","templated":true}]}}